{"id":4412,"date":"2023-04-20T12:00:00","date_gmt":"2023-04-20T09:00:00","guid":{"rendered":"https:\/\/biodiful.fi\/?p=4412"},"modified":"2023-04-20T10:41:29","modified_gmt":"2023-04-20T07:41:29","slug":"biodiful-leadership-forum-leap-of-hope","status":"publish","type":"post","link":"https:\/\/biodiful.fi\/en\/events\/biodiful-leadership-forum-leap-of-hope\/","title":{"rendered":"BIODIFUL Leadership Forum &#8211; Leap of Hope \/\/ 20 April 2023"},"content":{"rendered":"<div id=\"bsf_rt_marker\"><\/div>\n<figure id=\"clickitem\" class=\"wp-block-table\"><table><tbody><tr><td><strong>Logomo, Turku \/\/ 20 April 2023 <\/strong><\/td><\/tr><\/tbody><\/table><\/figure>\n\n\n\n<figure class=\"wp-block-image size-full\"><img fetchpriority=\"high\" decoding=\"async\" width=\"720\" height=\"377\" src=\"https:\/\/biodiful.fi\/wp-content\/uploads\/2023\/04\/Leadership-forum-emailer.jpg\" alt=\"leadership forum mainoskuva.\" class=\"wp-image-4358\" srcset=\"https:\/\/biodiful.fi\/wp-content\/uploads\/2023\/04\/Leadership-forum-emailer.jpg 720w, https:\/\/biodiful.fi\/wp-content\/uploads\/2023\/04\/Leadership-forum-emailer-300x157.jpg 300w\" sizes=\"(max-width: 720px) 100vw, 720px\" \/><\/figure>\n\n\n\n<h2 class=\"wp-block-heading\">What should leaders and decision-makers know and do about biodiversity?<\/h2>\n\n\n\n<p>BIODIFUL is a research project exploring biodiversity respectful leadership. In our first Leadership Forum you will learn about the latest research insights from the interfaces of biodiversity, business and public decision-making, be inspired by our keynote speakers creating a greener future, and have the possibility of networking with researchers, decision-makers and other earth shakers. Welcome!&nbsp;<\/p>\n\n\n\n<p>The event is free of charge, but requires a registration by 13.4.&nbsp;<\/p>\n\n\n\n<div class=\"wp-block-buttons is-layout-flex wp-block-buttons-is-layout-flex\">\n<div class=\"wp-block-button\"><a class=\"wp-block-button__link wp-element-button\" href=\"https:\/\/konsta.utu.fi\/Default.aspx?tabid=88&amp;tap=15150\" target=\"_blank\" rel=\"noreferrer noopener\"><strong>Register now!<\/strong><\/a><\/div>\n<\/div>\n\n\n\n<h2 class=\"wp-block-heading\">Program<\/h2>\n\n\n\n<p class=\"has-medium-font-size\"><strong>12 pm <\/strong>The Fragile Web of Life<br>Professor <strong>Ilari S\u00e4\u00e4ksj\u00e4rvi<\/strong>, leader of BIODIFUL, UTU Biodiversity unit<\/p>\n\n\n\n<p>Biodiversity, the variety of life, is a crucial yet vanishing part of our planet. Biodiversity loss is advancing globally. It is an ecological crisis, yet at heart, it is also a human crisis. The \u201cpervasive human-driven decline of life on Earth\u201d is caused by, e.g. changes in land use, direct exploitation of species, climate change, pollution and invasive alien species. Unfortunately, our current way of life is destroying the natural ecosystems on which the wellbeing and mutual survival of all species depend. How much biodiversity is there and what is required to conserve it for the future generations?<\/p>\n\n\n\n<p class=\"has-medium-font-size\"><strong>12.30 pm<\/strong> EU biodiversity regulation on six decades &#8211; what needs to change?<br><strong>Ville Niinist\u00f6<\/strong>, member of the European Parliament (MEP), Public Health and Food Safety, and the Committee on Industry, Research and Energy.<\/p>\n\n\n\n<p>EU has tried to protect nature already on six decades. Unfortunately, biodiversity loss continues to be a significant problem globally, in the EU, and also in Finland. The new nature restoration law, currently being negotiated by the EU institutions, is expected to correct the course. Still, we cannot expect one piece of legislation to be able to save the web of life. As societies, we must completely transform the way we produce food, the way we transport, the way we live and consume. Planetary boundaries must be taken into account in all law making. This way, when the 7th decade of EU\u2019s biodiversity policies start in 2030, we will have finally halted biodiversity loss.<\/p>\n\n\n\n<p class=\"has-medium-font-size\"><strong>1 pm <\/strong>Coffee and snacks<br>+Research poster show<\/p>\n\n\n\n<p class=\"has-medium-font-size\"><strong>1:30 pm Workshops<\/strong><br><strong><br>3 pm <\/strong>Walking the talk \u2013 insights from Qvidja<br><strong>Saara Kankaanrinta<\/strong>, chair and co-founder of Baltic Sea Action Group foundation, Carbon Action Platfrom, Q Power Ltd, Soilfood Ltd<\/p>\n\n\n\n<p>In the Qvidja pilot farm research, forest management and farming practices focuse on soil carbon and biodiversity &#8211; Qvidja represents regenerativity, aiming to create a food production system that is good for the climate, biodiversity, and the state of the Baltic Sea.<\/p>\n\n\n\n<p class=\"has-medium-font-size\"><strong>3.30 pm <\/strong>Towards biodiversity respectful leadership<br>Professor <strong>Satu Teerikangas<\/strong>, co-leader of BIODIFUL, UTU Turku School of Economics<\/p>\n\n\n\n<p>Leadership has long been debated. Yet, why and how does biodiversity challenge existing views of leadership? Based on BIODIFUL researchers&#8217; work, I offer an overview of what biodiversity respectful leadership entails. The presentation is an inspiring call for everyone to engage toward world-changing agency.<\/p>\n\n\n\n<h2 class=\"wp-block-heading\">Workshops <\/h2>\n\n\n\n<p>See detailed description in the end of the page<\/p>\n\n\n\n<ul class=\"wp-block-list\">\n<li>Ville Uusitalo:&nbsp;Measuring biodiversity impacts&nbsp;\/\/ GOTO33<\/li>\n\n\n\n<li>Anne Quarshie and P\u00e4ivi Luoma:&nbsp;Biodiversity and global supply chains \/\/ GOTO31&nbsp;<\/li>\n\n\n\n<li>Milla Unkila:&nbsp;Sustainability 3.0: nature positive business models&nbsp;\/\/ KINO<\/li>\n\n\n\n<li>Saska Tuomasjukka, Irene Kuhmonen and Anu Hopia:&nbsp;Food, food systems and biodiversity&nbsp;\/\/ GOTO32<\/li>\n\n\n\n<li>Mia Salo, Juulia R\u00e4ikk\u00f6nen and Miia Grenman: Biodiversity respectful consumption and meaningfulness \/\/ GALLERY<\/li>\n<\/ul>\n\n\n\n<div style=\"height:35px\" aria-hidden=\"true\" class=\"wp-block-spacer\"><\/div>\n\n\n\n<hr class=\"wp-block-separator has-text-color has-white-color has-alpha-channel-opacity has-white-background-color has-background is-style-wide\"\/>\n\n\n\n<h2 class=\"wp-block-heading\">Keynote Speakers<\/h2>\n\n\n\n<div class=\"wp-block-media-text alignwide has-media-on-the-right is-stacked-on-mobile is-image-fill\" style=\"grid-template-columns:auto 36%\"><div class=\"wp-block-media-text__content\">\n<h3 class=\"wp-block-heading\">Ville Niinist\u00f6<\/h3>\n\n\n\n<p>Member of the European Parliament Ville Niinist\u00f6 is a member on the Committee on the Environment, Public Health and Food Safety, and the Committee on Industry, Research and Energy. In 2011-2014 he worked as the Minister for the Environment in Finland, in addition to being a member of the Finnish Parliament (2007-2019) and the Chairperson of the Green League (2011-2017). He holds a Master&#8217;s degree in Political Science and History from the University of Turku. To counterbalance his work in Brussels, he spends his free time in the Turku Archipelago.<\/p>\n<\/div><figure class=\"wp-block-media-text__media\" style=\"background-image:url(https:\/\/biodiful.fi\/wp-content\/uploads\/2023\/03\/Ville-Niinisto_MEP_2_kuva_-Salla-Merikukka-1024x683.jpg);background-position:57% 53%\"><img decoding=\"async\" width=\"1024\" height=\"683\" src=\"https:\/\/biodiful.fi\/wp-content\/uploads\/2023\/03\/Ville-Niinisto_MEP_2_kuva_-Salla-Merikukka-1024x683.jpg\" alt=\"Ville Niinist\u00f6, oranssi sein\u00e4 taustalla.\" class=\"wp-image-4416 size-large\" srcset=\"https:\/\/biodiful.fi\/wp-content\/uploads\/2023\/03\/Ville-Niinisto_MEP_2_kuva_-Salla-Merikukka-1024x683.jpg 1024w, https:\/\/biodiful.fi\/wp-content\/uploads\/2023\/03\/Ville-Niinisto_MEP_2_kuva_-Salla-Merikukka-300x200.jpg 300w, https:\/\/biodiful.fi\/wp-content\/uploads\/2023\/03\/Ville-Niinisto_MEP_2_kuva_-Salla-Merikukka-768x512.jpg 768w, https:\/\/biodiful.fi\/wp-content\/uploads\/2023\/03\/Ville-Niinisto_MEP_2_kuva_-Salla-Merikukka-1536x1024.jpg 1536w, https:\/\/biodiful.fi\/wp-content\/uploads\/2023\/03\/Ville-Niinisto_MEP_2_kuva_-Salla-Merikukka-2048x1365.jpg 2048w\" sizes=\"(max-width: 1024px) 100vw, 1024px\" \/><\/figure><\/div>\n\n\n\n<div style=\"height:30px\" aria-hidden=\"true\" class=\"wp-block-spacer\"><\/div>\n\n\n\n<div class=\"wp-block-media-text alignwide has-media-on-the-right is-stacked-on-mobile is-image-fill\" style=\"grid-template-columns:auto 36%\"><div class=\"wp-block-media-text__content\">\n<h3 class=\"wp-block-heading\">Saara Kankaanrinta<\/h3>\n\n\n\n<p>Saara Kankaanrinta is the chair and co-founder of the award-winning Baltic Sea Action Group foundation and Carbon Action Platfrom, Q Power Ltd and Soilfood Ltd. She and her husband develop regenerative practices in the Qvidja reseach farm. She has an exceptional ability of forming holistic yet targeted actions &#8211; and to mobilize people, ideas and resources within science, NGO, business and politics.<\/p>\n<\/div><figure class=\"wp-block-media-text__media\" style=\"background-image:url(https:\/\/biodiful.fi\/wp-content\/uploads\/2023\/03\/Saaran-Kankaanrinta-709x1024.jpg);background-position:59% 25%\"><img decoding=\"async\" width=\"709\" height=\"1024\" src=\"https:\/\/biodiful.fi\/wp-content\/uploads\/2023\/03\/Saaran-Kankaanrinta-709x1024.jpg\" alt=\"Nainen valkoisella taustalla. \" class=\"wp-image-4414 size-large\" srcset=\"https:\/\/biodiful.fi\/wp-content\/uploads\/2023\/03\/Saaran-Kankaanrinta-709x1024.jpg 709w, https:\/\/biodiful.fi\/wp-content\/uploads\/2023\/03\/Saaran-Kankaanrinta-208x300.jpg 208w, https:\/\/biodiful.fi\/wp-content\/uploads\/2023\/03\/Saaran-Kankaanrinta-768x1110.jpg 768w, https:\/\/biodiful.fi\/wp-content\/uploads\/2023\/03\/Saaran-Kankaanrinta-1063x1536.jpg 1063w, https:\/\/biodiful.fi\/wp-content\/uploads\/2023\/03\/Saaran-Kankaanrinta-1418x2048.jpg 1418w, https:\/\/biodiful.fi\/wp-content\/uploads\/2023\/03\/Saaran-Kankaanrinta-scaled.jpg 1772w\" sizes=\"(max-width: 709px) 100vw, 709px\" \/><\/figure><\/div>\n\n\n\n<div style=\"height:30px\" aria-hidden=\"true\" class=\"wp-block-spacer\"><\/div>\n\n\n\n<div class=\"wp-block-media-text alignwide has-media-on-the-right is-stacked-on-mobile is-image-fill\" style=\"grid-template-columns:auto 36%\"><div class=\"wp-block-media-text__content\">\n<p><\/p>\n\n\n\n<h3 class=\"wp-block-heading\">Ilari S\u00e4\u00e4ksj\u00e4rvi<\/h3>\n\n\n\n<p>Professor Ilari S\u00e4\u00e4ksj\u00e4rvi is the director of the Biodiversity Unit at the University of Turku, Vice Chair of the Finnish Nature Panel, and director of BIODIFUL. As a biodiversity researcher he has specialized in rare tropical insects and Amazonia. In addition to his prolific research career, S\u00e4\u00e4ksj\u00e4rvi bears an active role in popularizing biodiversity knowledge, especially concerning the impacts of biodiversity loss on societal phenomena.<\/p>\n<\/div><figure class=\"wp-block-media-text__media\" style=\"background-image:url(https:\/\/biodiful.fi\/wp-content\/uploads\/2023\/01\/Ilari-Saaksjarvi-27-768x1024.jpg);background-position:53% 38%\"><img loading=\"lazy\" decoding=\"async\" width=\"768\" height=\"1024\" src=\"https:\/\/biodiful.fi\/wp-content\/uploads\/2023\/01\/Ilari-Saaksjarvi-27-768x1024.jpg\" alt=\"\" class=\"wp-image-4264 size-large\" srcset=\"https:\/\/biodiful.fi\/wp-content\/uploads\/2023\/01\/Ilari-Saaksjarvi-27-768x1024.jpg 768w, https:\/\/biodiful.fi\/wp-content\/uploads\/2023\/01\/Ilari-Saaksjarvi-27-225x300.jpg 225w, https:\/\/biodiful.fi\/wp-content\/uploads\/2023\/01\/Ilari-Saaksjarvi-27-1152x1536.jpg 1152w, https:\/\/biodiful.fi\/wp-content\/uploads\/2023\/01\/Ilari-Saaksjarvi-27-1536x2048.jpg 1536w, https:\/\/biodiful.fi\/wp-content\/uploads\/2023\/01\/Ilari-Saaksjarvi-27-scaled.jpg 1920w\" sizes=\"(max-width: 768px) 100vw, 768px\" \/><\/figure><\/div>\n\n\n\n<div style=\"height:30px\" aria-hidden=\"true\" class=\"wp-block-spacer\"><\/div>\n\n\n\n<div class=\"wp-block-media-text alignwide has-media-on-the-right is-stacked-on-mobile is-image-fill\" style=\"grid-template-columns:auto 36%\"><div class=\"wp-block-media-text__content\">\n<h3 class=\"wp-block-heading\">Satu Teerikangas<\/h3>\n\n\n\n<p>Professor Satu Teerikangas leads the subject area in Management and Organization at the School of Economics, University of Turku. She is also Honorary Professor at University College London as well as &nbsp;vice director of BIODIFUL. Her research focuses on leadership, agency and strategic change management at the interface of business and the natural environment. In addition to BIODIFUL, she is also actively involved in the Strategic Research Council-funded circular economy research consortium CICAT2025.<\/p>\n<\/div><figure class=\"wp-block-media-text__media\" style=\"background-image:url(https:\/\/biodiful.fi\/wp-content\/uploads\/2023\/01\/Satu-Teerikangas-9-768x1024.jpg);background-position:51% 45%\"><img loading=\"lazy\" decoding=\"async\" width=\"768\" height=\"1024\" src=\"https:\/\/biodiful.fi\/wp-content\/uploads\/2023\/01\/Satu-Teerikangas-9-768x1024.jpg\" alt=\"\" class=\"wp-image-4261 size-large\" srcset=\"https:\/\/biodiful.fi\/wp-content\/uploads\/2023\/01\/Satu-Teerikangas-9-768x1024.jpg 768w, https:\/\/biodiful.fi\/wp-content\/uploads\/2023\/01\/Satu-Teerikangas-9-225x300.jpg 225w, https:\/\/biodiful.fi\/wp-content\/uploads\/2023\/01\/Satu-Teerikangas-9-1152x1536.jpg 1152w, https:\/\/biodiful.fi\/wp-content\/uploads\/2023\/01\/Satu-Teerikangas-9-1536x2048.jpg 1536w, https:\/\/biodiful.fi\/wp-content\/uploads\/2023\/01\/Satu-Teerikangas-9-scaled.jpg 1920w\" sizes=\"(max-width: 768px) 100vw, 768px\" \/><\/figure><\/div>\n\n\n\n<div style=\"height:36px\" aria-hidden=\"true\" class=\"wp-block-spacer\"><\/div>\n\n\n\n<hr class=\"wp-block-separator has-text-color has-white-color has-alpha-channel-opacity has-white-background-color has-background is-style-wide\"\/>\n\n\n\n<h2 class=\"wp-block-heading\">Workshops<\/h2>\n\n\n\n<h3 class=\"wp-block-heading\"><strong>Measuring biodiversity impacts<\/strong><\/h3>\n\n\n\n<p>In this workshop we are focusing on biodiversity footprint evaluation with life cycle assessment (LCA) method. We will discuss about needs for biodiversity related information and how LCA could help to provide this information.<\/p>\n\n\n\n<h3 class=\"wp-block-heading\"><strong>Biodiversity and global supply chains<\/strong><\/h3>\n\n\n\n<p>In this workshop you will hear current research findings related to biodiversity management in supply chains. The workshop organizers will facilitate discussions on biodiversity-respectful business and purchasing.<\/p>\n\n\n\n<h3 class=\"wp-block-heading\"><strong>Sustainability 3.0: nature positive business models<\/strong><\/h3>\n\n\n\n<p>In this workshop we will go beyond sustainable business and explore nature positive business models in diverse contexts and industries. If business was to genuinely benefit the planet and its people with the enabling power of profits, how would it look like?<\/p>\n\n\n\n<h3 class=\"wp-block-heading\">Biodiversity respectful consumption and meaningfulness<\/h3>\n\n\n\n<p>This workshop discusses meaningfulness, good life, and the need for change in consumption. We also present BIODIFUL consumer survey research results and the views of Generation Z on meaningful life and work. The workshop will be held in Finnish.<\/p>\n\n\n\n<h3 class=\"wp-block-heading\"><strong>Food, food systems and biodiversity<\/strong><\/h3>\n\n\n\n<p>In this workshop we will discuss how the practices at the level of food systems and food value chains boil down to biodiversity impacts in land use decisions and farm management, and with what kind of choices biodiversity can be promoted in the food system context.<\/p>\n\n\n\n<div class=\"wp-block-buttons is-layout-flex wp-block-buttons-is-layout-flex\">\n<div class=\"wp-block-button\"><a class=\"wp-block-button__link wp-element-button\" href=\"https:\/\/konsta.utu.fi\/Default.aspx?tabid=88&amp;tap=15150\">Register now!<\/a><\/div>\n<\/div>\n","protected":false},"excerpt":{"rendered":"<p>Logomo, Turku \/\/ 20 April 2023 What should leaders and decision-makers know and do about biodiversity? BIODIFUL is a research project exploring biodiversity respectful leadership. In our first Leadership Forum you will learn about the latest research insights from the interfaces of biodiversity, business and public decision-making, be inspired by our keynote speakers creating a [&hellip;]<\/p>\n","protected":false},"author":3,"featured_media":4550,"comment_status":"closed","ping_status":"closed","sticky":false,"template":"","format":"standard","meta":{"_acf_changed":false,"ocean_post_layout":"","ocean_both_sidebars_style":"","ocean_both_sidebars_content_width":0,"ocean_both_sidebars_sidebars_width":0,"ocean_sidebar":"0","ocean_second_sidebar":"0","ocean_disable_margins":"enable","ocean_add_body_class":"","ocean_shortcode_before_top_bar":"","ocean_shortcode_after_top_bar":"","ocean_shortcode_before_header":"","ocean_shortcode_after_header":"","ocean_has_shortcode":"","ocean_shortcode_after_title":"","ocean_shortcode_before_footer_widgets":"","ocean_shortcode_after_footer_widgets":"","ocean_shortcode_before_footer_bottom":"","ocean_shortcode_after_footer_bottom":"","ocean_display_top_bar":"default","ocean_display_header":"default","ocean_header_style":"","ocean_center_header_left_menu":"0","ocean_custom_header_template":"0","ocean_custom_logo":0,"ocean_custom_retina_logo":0,"ocean_custom_logo_max_width":0,"ocean_custom_logo_tablet_max_width":0,"ocean_custom_logo_mobile_max_width":0,"ocean_custom_logo_max_height":0,"ocean_custom_logo_tablet_max_height":0,"ocean_custom_logo_mobile_max_height":0,"ocean_header_custom_menu":"0","ocean_menu_typo_font_family":"0","ocean_menu_typo_font_subset":"","ocean_menu_typo_font_size":0,"ocean_menu_typo_font_size_tablet":0,"ocean_menu_typo_font_size_mobile":0,"ocean_menu_typo_font_size_unit":"px","ocean_menu_typo_font_weight":"","ocean_menu_typo_font_weight_tablet":"","ocean_menu_typo_font_weight_mobile":"","ocean_menu_typo_transform":"","ocean_menu_typo_transform_tablet":"","ocean_menu_typo_transform_mobile":"","ocean_menu_typo_line_height":0,"ocean_menu_typo_line_height_tablet":0,"ocean_menu_typo_line_height_mobile":0,"ocean_menu_typo_line_height_unit":"","ocean_menu_typo_spacing":0,"ocean_menu_typo_spacing_tablet":0,"ocean_menu_typo_spacing_mobile":0,"ocean_menu_typo_spacing_unit":"","ocean_menu_link_color":"","ocean_menu_link_color_hover":"","ocean_menu_link_color_active":"","ocean_menu_link_background":"","ocean_menu_link_hover_background":"","ocean_menu_link_active_background":"","ocean_menu_social_links_bg":"","ocean_menu_social_hover_links_bg":"","ocean_menu_social_links_color":"","ocean_menu_social_hover_links_color":"","ocean_disable_title":"default","ocean_disable_heading":"default","ocean_post_title":"","ocean_post_subheading":"","ocean_post_title_style":"","ocean_post_title_background_color":"","ocean_post_title_background":0,"ocean_post_title_bg_image_position":"","ocean_post_title_bg_image_attachment":"","ocean_post_title_bg_image_repeat":"","ocean_post_title_bg_image_size":"","ocean_post_title_height":0,"ocean_post_title_bg_overlay":0.5,"ocean_post_title_bg_overlay_color":"","ocean_disable_breadcrumbs":"default","ocean_breadcrumbs_color":"","ocean_breadcrumbs_separator_color":"","ocean_breadcrumbs_links_color":"","ocean_breadcrumbs_links_hover_color":"","ocean_display_footer_widgets":"default","ocean_display_footer_bottom":"default","ocean_custom_footer_template":"0","ocean_post_oembed":"","ocean_post_self_hosted_media":"","ocean_post_video_embed":"","ocean_link_format":"","ocean_link_format_target":"self","ocean_quote_format":"","ocean_quote_format_link":"post","ocean_gallery_link_images":"off","ocean_gallery_id":[],"footnotes":""},"categories":[22,146],"tags":[41],"class_list":["post-4412","post","type-post","status-publish","format-standard","has-post-thumbnail","hentry","category-events","category-menneet","tag-biodiversity-en","entry","has-media"],"acf":[],"yoast_head":"<!-- This site is optimized with the Yoast SEO plugin v27.4 - https:\/\/yoast.com\/product\/yoast-seo-wordpress\/ -->\n<title>BIODIFUL Leadership Forum - Leap of Hope \/\/ 20 April 2023 - Biodiful<\/title>\n<meta name=\"description\" content=\"the latest research insights from the interfaces of biodiversity, business and public decision-making\" \/>\n<meta name=\"robots\" content=\"index, follow, max-snippet:-1, max-image-preview:large, max-video-preview:-1\" \/>\n<link rel=\"canonical\" href=\"https:\/\/biodiful.fi\/en\/events\/biodiful-leadership-forum-leap-of-hope\/\" \/>\n<meta property=\"og:locale\" content=\"en_US\" \/>\n<meta property=\"og:type\" content=\"article\" \/>\n<meta property=\"og:title\" content=\"BIODIFUL Leadership Forum - Leap of Hope \/\/ 20 April 2023 - Biodiful\" \/>\n<meta property=\"og:description\" content=\"the latest research insights from the interfaces of biodiversity, business and public decision-making\" \/>\n<meta property=\"og:url\" content=\"https:\/\/biodiful.fi\/en\/events\/biodiful-leadership-forum-leap-of-hope\/\" \/>\n<meta property=\"og:site_name\" content=\"Biodiful\" \/>\n<meta property=\"article:publisher\" content=\"https:\/\/www.facebook.com\/BiodifulSTN\" \/>\n<meta property=\"article:published_time\" content=\"2023-04-20T09:00:00+00:00\" \/>\n<meta property=\"og:image\" content=\"https:\/\/biodiful.fi\/wp-content\/uploads\/2023\/03\/Leadership-forum-337.jpg\" \/>\n\t<meta property=\"og:image:width\" content=\"1536\" \/>\n\t<meta property=\"og:image:height\" content=\"396\" \/>\n\t<meta property=\"og:image:type\" content=\"image\/jpeg\" \/>\n<meta name=\"author\" content=\"hannao\" \/>\n<meta name=\"twitter:card\" content=\"summary_large_image\" \/>\n<meta name=\"twitter:creator\" content=\"@biodiful\" \/>\n<meta name=\"twitter:site\" content=\"@biodiful\" \/>\n<meta name=\"twitter:label1\" content=\"Written by\" \/>\n\t<meta name=\"twitter:data1\" content=\"hannao\" \/>\n\t<meta name=\"twitter:label2\" content=\"Est. reading time\" \/>\n\t<meta name=\"twitter:data2\" content=\"8 minutes\" \/>\n<script type=\"application\/ld+json\" class=\"yoast-schema-graph\">{\"@context\":\"https:\\\/\\\/schema.org\",\"@graph\":[{\"@type\":\"Article\",\"@id\":\"https:\\\/\\\/biodiful.fi\\\/en\\\/events\\\/biodiful-leadership-forum-leap-of-hope\\\/#article\",\"isPartOf\":{\"@id\":\"https:\\\/\\\/biodiful.fi\\\/en\\\/events\\\/biodiful-leadership-forum-leap-of-hope\\\/\"},\"author\":{\"name\":\"hannao\",\"@id\":\"https:\\\/\\\/biodiful.fi\\\/en\\\/#\\\/schema\\\/person\\\/232b2e85e9a57d41ab8b18a8d1552e2f\"},\"headline\":\"BIODIFUL Leadership Forum &#8211; Leap of Hope \\\/\\\/ 20 April 2023\",\"datePublished\":\"2023-04-20T09:00:00+00:00\",\"mainEntityOfPage\":{\"@id\":\"https:\\\/\\\/biodiful.fi\\\/en\\\/events\\\/biodiful-leadership-forum-leap-of-hope\\\/\"},\"wordCount\":1084,\"publisher\":{\"@id\":\"https:\\\/\\\/biodiful.fi\\\/en\\\/#organization\"},\"image\":{\"@id\":\"https:\\\/\\\/biodiful.fi\\\/en\\\/events\\\/biodiful-leadership-forum-leap-of-hope\\\/#primaryimage\"},\"thumbnailUrl\":\"https:\\\/\\\/biodiful.fi\\\/wp-content\\\/uploads\\\/2023\\\/03\\\/Leadership-forum-337.jpg\",\"keywords\":[\"biodiversity\"],\"articleSection\":[\"Events\",\"Menneet\"],\"inLanguage\":\"en-US\"},{\"@type\":\"WebPage\",\"@id\":\"https:\\\/\\\/biodiful.fi\\\/en\\\/events\\\/biodiful-leadership-forum-leap-of-hope\\\/\",\"url\":\"https:\\\/\\\/biodiful.fi\\\/en\\\/events\\\/biodiful-leadership-forum-leap-of-hope\\\/\",\"name\":\"BIODIFUL Leadership Forum - Leap of Hope \\\/\\\/ 20 April 2023 - Biodiful\",\"isPartOf\":{\"@id\":\"https:\\\/\\\/biodiful.fi\\\/en\\\/#website\"},\"primaryImageOfPage\":{\"@id\":\"https:\\\/\\\/biodiful.fi\\\/en\\\/events\\\/biodiful-leadership-forum-leap-of-hope\\\/#primaryimage\"},\"image\":{\"@id\":\"https:\\\/\\\/biodiful.fi\\\/en\\\/events\\\/biodiful-leadership-forum-leap-of-hope\\\/#primaryimage\"},\"thumbnailUrl\":\"https:\\\/\\\/biodiful.fi\\\/wp-content\\\/uploads\\\/2023\\\/03\\\/Leadership-forum-337.jpg\",\"datePublished\":\"2023-04-20T09:00:00+00:00\",\"description\":\"the latest research insights from the interfaces of biodiversity, business and public decision-making\",\"breadcrumb\":{\"@id\":\"https:\\\/\\\/biodiful.fi\\\/en\\\/events\\\/biodiful-leadership-forum-leap-of-hope\\\/#breadcrumb\"},\"inLanguage\":\"en-US\",\"potentialAction\":[{\"@type\":\"ReadAction\",\"target\":[\"https:\\\/\\\/biodiful.fi\\\/en\\\/events\\\/biodiful-leadership-forum-leap-of-hope\\\/\"]}]},{\"@type\":\"ImageObject\",\"inLanguage\":\"en-US\",\"@id\":\"https:\\\/\\\/biodiful.fi\\\/en\\\/events\\\/biodiful-leadership-forum-leap-of-hope\\\/#primaryimage\",\"url\":\"https:\\\/\\\/biodiful.fi\\\/wp-content\\\/uploads\\\/2023\\\/03\\\/Leadership-forum-337.jpg\",\"contentUrl\":\"https:\\\/\\\/biodiful.fi\\\/wp-content\\\/uploads\\\/2023\\\/03\\\/Leadership-forum-337.jpg\",\"width\":1536,\"height\":396},{\"@type\":\"BreadcrumbList\",\"@id\":\"https:\\\/\\\/biodiful.fi\\\/en\\\/events\\\/biodiful-leadership-forum-leap-of-hope\\\/#breadcrumb\",\"itemListElement\":[{\"@type\":\"ListItem\",\"position\":1,\"name\":\"Home\",\"item\":\"https:\\\/\\\/biodiful.fi\\\/en\\\/\"},{\"@type\":\"ListItem\",\"position\":2,\"name\":\"BIODIFUL Leadership Forum &#8211; Leap of Hope \\\/\\\/ 20 April 2023\"}]},{\"@type\":\"WebSite\",\"@id\":\"https:\\\/\\\/biodiful.fi\\\/en\\\/#website\",\"url\":\"https:\\\/\\\/biodiful.fi\\\/en\\\/\",\"name\":\"Biodiful\",\"description\":\"Biodiversity - Respectful\",\"publisher\":{\"@id\":\"https:\\\/\\\/biodiful.fi\\\/en\\\/#organization\"},\"potentialAction\":[{\"@type\":\"SearchAction\",\"target\":{\"@type\":\"EntryPoint\",\"urlTemplate\":\"https:\\\/\\\/biodiful.fi\\\/en\\\/?s={search_term_string}\"},\"query-input\":{\"@type\":\"PropertyValueSpecification\",\"valueRequired\":true,\"valueName\":\"search_term_string\"}}],\"inLanguage\":\"en-US\"},{\"@type\":\"Organization\",\"@id\":\"https:\\\/\\\/biodiful.fi\\\/en\\\/#organization\",\"name\":\"Biodiful\",\"url\":\"https:\\\/\\\/biodiful.fi\\\/en\\\/\",\"logo\":{\"@type\":\"ImageObject\",\"inLanguage\":\"en-US\",\"@id\":\"https:\\\/\\\/biodiful.fi\\\/en\\\/#\\\/schema\\\/logo\\\/image\\\/\",\"url\":\"https:\\\/\\\/biodiful.fi\\\/wp-content\\\/uploads\\\/2021\\\/12\\\/logo.png\",\"contentUrl\":\"https:\\\/\\\/biodiful.fi\\\/wp-content\\\/uploads\\\/2021\\\/12\\\/logo.png\",\"width\":483,\"height\":290,\"caption\":\"Biodiful\"},\"image\":{\"@id\":\"https:\\\/\\\/biodiful.fi\\\/en\\\/#\\\/schema\\\/logo\\\/image\\\/\"},\"sameAs\":[\"https:\\\/\\\/www.facebook.com\\\/BiodifulSTN\",\"https:\\\/\\\/x.com\\\/biodiful\",\"https:\\\/\\\/www.instagram.com\\\/biodifulstn\\\/\",\"https:\\\/\\\/www.linkedin.com\\\/groups\\\/14045421\\\/\"]},{\"@type\":\"Person\",\"@id\":\"https:\\\/\\\/biodiful.fi\\\/en\\\/#\\\/schema\\\/person\\\/232b2e85e9a57d41ab8b18a8d1552e2f\",\"name\":\"hannao\",\"url\":\"https:\\\/\\\/biodiful.fi\\\/en\\\/author\\\/hannao\\\/\"}]}<\/script>\n<!-- \/ Yoast SEO plugin. -->","yoast_head_json":{"title":"BIODIFUL Leadership Forum - Leap of Hope \/\/ 20 April 2023 - Biodiful","description":"the latest research insights from the interfaces of biodiversity, business and public decision-making","robots":{"index":"index","follow":"follow","max-snippet":"max-snippet:-1","max-image-preview":"max-image-preview:large","max-video-preview":"max-video-preview:-1"},"canonical":"https:\/\/biodiful.fi\/en\/events\/biodiful-leadership-forum-leap-of-hope\/","og_locale":"en_US","og_type":"article","og_title":"BIODIFUL Leadership Forum - Leap of Hope \/\/ 20 April 2023 - Biodiful","og_description":"the latest research insights from the interfaces of biodiversity, business and public decision-making","og_url":"https:\/\/biodiful.fi\/en\/events\/biodiful-leadership-forum-leap-of-hope\/","og_site_name":"Biodiful","article_publisher":"https:\/\/www.facebook.com\/BiodifulSTN","article_published_time":"2023-04-20T09:00:00+00:00","og_image":[{"width":1536,"height":396,"url":"https:\/\/biodiful.fi\/wp-content\/uploads\/2023\/03\/Leadership-forum-337.jpg","type":"image\/jpeg"}],"author":"hannao","twitter_card":"summary_large_image","twitter_creator":"@biodiful","twitter_site":"@biodiful","twitter_misc":{"Written by":"hannao","Est. reading time":"8 minutes"},"schema":{"@context":"https:\/\/schema.org","@graph":[{"@type":"Article","@id":"https:\/\/biodiful.fi\/en\/events\/biodiful-leadership-forum-leap-of-hope\/#article","isPartOf":{"@id":"https:\/\/biodiful.fi\/en\/events\/biodiful-leadership-forum-leap-of-hope\/"},"author":{"name":"hannao","@id":"https:\/\/biodiful.fi\/en\/#\/schema\/person\/232b2e85e9a57d41ab8b18a8d1552e2f"},"headline":"BIODIFUL Leadership Forum &#8211; Leap of Hope \/\/ 20 April 2023","datePublished":"2023-04-20T09:00:00+00:00","mainEntityOfPage":{"@id":"https:\/\/biodiful.fi\/en\/events\/biodiful-leadership-forum-leap-of-hope\/"},"wordCount":1084,"publisher":{"@id":"https:\/\/biodiful.fi\/en\/#organization"},"image":{"@id":"https:\/\/biodiful.fi\/en\/events\/biodiful-leadership-forum-leap-of-hope\/#primaryimage"},"thumbnailUrl":"https:\/\/biodiful.fi\/wp-content\/uploads\/2023\/03\/Leadership-forum-337.jpg","keywords":["biodiversity"],"articleSection":["Events","Menneet"],"inLanguage":"en-US"},{"@type":"WebPage","@id":"https:\/\/biodiful.fi\/en\/events\/biodiful-leadership-forum-leap-of-hope\/","url":"https:\/\/biodiful.fi\/en\/events\/biodiful-leadership-forum-leap-of-hope\/","name":"BIODIFUL Leadership Forum - Leap of Hope \/\/ 20 April 2023 - Biodiful","isPartOf":{"@id":"https:\/\/biodiful.fi\/en\/#website"},"primaryImageOfPage":{"@id":"https:\/\/biodiful.fi\/en\/events\/biodiful-leadership-forum-leap-of-hope\/#primaryimage"},"image":{"@id":"https:\/\/biodiful.fi\/en\/events\/biodiful-leadership-forum-leap-of-hope\/#primaryimage"},"thumbnailUrl":"https:\/\/biodiful.fi\/wp-content\/uploads\/2023\/03\/Leadership-forum-337.jpg","datePublished":"2023-04-20T09:00:00+00:00","description":"the latest research insights from the interfaces of biodiversity, business and public decision-making","breadcrumb":{"@id":"https:\/\/biodiful.fi\/en\/events\/biodiful-leadership-forum-leap-of-hope\/#breadcrumb"},"inLanguage":"en-US","potentialAction":[{"@type":"ReadAction","target":["https:\/\/biodiful.fi\/en\/events\/biodiful-leadership-forum-leap-of-hope\/"]}]},{"@type":"ImageObject","inLanguage":"en-US","@id":"https:\/\/biodiful.fi\/en\/events\/biodiful-leadership-forum-leap-of-hope\/#primaryimage","url":"https:\/\/biodiful.fi\/wp-content\/uploads\/2023\/03\/Leadership-forum-337.jpg","contentUrl":"https:\/\/biodiful.fi\/wp-content\/uploads\/2023\/03\/Leadership-forum-337.jpg","width":1536,"height":396},{"@type":"BreadcrumbList","@id":"https:\/\/biodiful.fi\/en\/events\/biodiful-leadership-forum-leap-of-hope\/#breadcrumb","itemListElement":[{"@type":"ListItem","position":1,"name":"Home","item":"https:\/\/biodiful.fi\/en\/"},{"@type":"ListItem","position":2,"name":"BIODIFUL Leadership Forum &#8211; Leap of Hope \/\/ 20 April 2023"}]},{"@type":"WebSite","@id":"https:\/\/biodiful.fi\/en\/#website","url":"https:\/\/biodiful.fi\/en\/","name":"Biodiful","description":"Biodiversity - Respectful","publisher":{"@id":"https:\/\/biodiful.fi\/en\/#organization"},"potentialAction":[{"@type":"SearchAction","target":{"@type":"EntryPoint","urlTemplate":"https:\/\/biodiful.fi\/en\/?s={search_term_string}"},"query-input":{"@type":"PropertyValueSpecification","valueRequired":true,"valueName":"search_term_string"}}],"inLanguage":"en-US"},{"@type":"Organization","@id":"https:\/\/biodiful.fi\/en\/#organization","name":"Biodiful","url":"https:\/\/biodiful.fi\/en\/","logo":{"@type":"ImageObject","inLanguage":"en-US","@id":"https:\/\/biodiful.fi\/en\/#\/schema\/logo\/image\/","url":"https:\/\/biodiful.fi\/wp-content\/uploads\/2021\/12\/logo.png","contentUrl":"https:\/\/biodiful.fi\/wp-content\/uploads\/2021\/12\/logo.png","width":483,"height":290,"caption":"Biodiful"},"image":{"@id":"https:\/\/biodiful.fi\/en\/#\/schema\/logo\/image\/"},"sameAs":["https:\/\/www.facebook.com\/BiodifulSTN","https:\/\/x.com\/biodiful","https:\/\/www.instagram.com\/biodifulstn\/","https:\/\/www.linkedin.com\/groups\/14045421\/"]},{"@type":"Person","@id":"https:\/\/biodiful.fi\/en\/#\/schema\/person\/232b2e85e9a57d41ab8b18a8d1552e2f","name":"hannao","url":"https:\/\/biodiful.fi\/en\/author\/hannao\/"}]}},"_links":{"self":[{"href":"https:\/\/biodiful.fi\/en\/wp-json\/wp\/v2\/posts\/4412","targetHints":{"allow":["GET"]}}],"collection":[{"href":"https:\/\/biodiful.fi\/en\/wp-json\/wp\/v2\/posts"}],"about":[{"href":"https:\/\/biodiful.fi\/en\/wp-json\/wp\/v2\/types\/post"}],"author":[{"embeddable":true,"href":"https:\/\/biodiful.fi\/en\/wp-json\/wp\/v2\/users\/3"}],"replies":[{"embeddable":true,"href":"https:\/\/biodiful.fi\/en\/wp-json\/wp\/v2\/comments?post=4412"}],"version-history":[{"count":39,"href":"https:\/\/biodiful.fi\/en\/wp-json\/wp\/v2\/posts\/4412\/revisions"}],"predecessor-version":[{"id":4788,"href":"https:\/\/biodiful.fi\/en\/wp-json\/wp\/v2\/posts\/4412\/revisions\/4788"}],"wp:featuredmedia":[{"embeddable":true,"href":"https:\/\/biodiful.fi\/en\/wp-json\/wp\/v2\/media\/4550"}],"wp:attachment":[{"href":"https:\/\/biodiful.fi\/en\/wp-json\/wp\/v2\/media?parent=4412"}],"wp:term":[{"taxonomy":"category","embeddable":true,"href":"https:\/\/biodiful.fi\/en\/wp-json\/wp\/v2\/categories?post=4412"},{"taxonomy":"post_tag","embeddable":true,"href":"https:\/\/biodiful.fi\/en\/wp-json\/wp\/v2\/tags?post=4412"}],"curies":[{"name":"wp","href":"https:\/\/api.w.org\/{rel}","templated":true}]}}