{"id":7638,"date":"2025-05-22T12:50:00","date_gmt":"2025-05-22T09:50:00","guid":{"rendered":"https:\/\/biodiful.fi\/news\/biodiful-leadership-forum-22-5-2025\/"},"modified":"2025-05-16T12:56:12","modified_gmt":"2025-05-16T09:56:12","slug":"biodiful-leadership-forum-22-5-2025","status":"publish","type":"post","link":"https:\/\/biodiful.fi\/en\/events\/biodiful-leadership-forum-22-5-2025\/","title":{"rendered":"Biodiful Leadership Forum 22.5.2025 \/\/ Biodiversity: Science and Business"},"content":{"rendered":"<div id=\"bsf_rt_marker\"><\/div><figure class=\"wp-block-post-featured-image\"><img fetchpriority=\"high\" decoding=\"async\" width=\"1199\" height=\"628\" src=\"https:\/\/biodiful.fi\/wp-content\/uploads\/2025\/01\/Leadership-forum-11.png\" class=\"attachment-post-thumbnail size-post-thumbnail wp-post-image\" alt=\"\" style=\"object-fit:cover;\" srcset=\"https:\/\/biodiful.fi\/wp-content\/uploads\/2025\/01\/Leadership-forum-11.png 1199w, https:\/\/biodiful.fi\/wp-content\/uploads\/2025\/01\/Leadership-forum-11-300x157.png 300w, https:\/\/biodiful.fi\/wp-content\/uploads\/2025\/01\/Leadership-forum-11-1024x536.png 1024w, https:\/\/biodiful.fi\/wp-content\/uploads\/2025\/01\/Leadership-forum-11-768x402.png 768w\" sizes=\"(max-width: 1199px) 100vw, 1199px\" \/><\/figure>\n\n\n<p><\/p>\n\n\n\n<p><strong>Join us for the annual BIODIFUL Leadership Forum at Logomo in Turku on May 22, 2025, from 12:00 to 16:00. This year&#8217;s forum will explore the connection between leadership and biodiversity, providing opportunities to network and reflect on our collective impact.<\/strong><\/p>\n\n\n\n<p>Registration is open until 12 May. Coffee will be served at the event. The event is held in English.<\/p>\n\n\n\n<div class=\"wp-block-buttons is-layout-flex wp-block-buttons-is-layout-flex\">\n<div class=\"wp-block-button\"><a class=\"wp-block-button__link wp-element-button\" href=\"https:\/\/konsta.utu.fi\/Default.aspx?tabid=88&amp;tap=20989\" target=\"_blank\" rel=\"noreferrer noopener\"><strong>REGISTER<\/strong><\/a><\/div>\n<\/div>\n\n\n\n<p><\/p>\n\n\n\n<h2 class=\"wp-block-heading\">Can&#8217;t make it to Turku?<\/h2>\n\n\n\n<p>You can also stream the presentations online. You will receive a link to the live-stream via email before the event. Please note that this is not a hybrid event, meaning remote participants will not be able to join the discussions.<\/p>\n\n\n\n<div class=\"wp-block-buttons is-layout-flex wp-block-buttons-is-layout-flex\">\n<div class=\"wp-block-button\"><a class=\"wp-block-button__link wp-element-button\" href=\"https:\/\/konsta.utu.fi\/Default.aspx?tabid=88&amp;tap=21469\">Sign up to watch the stream<\/a><\/div>\n<\/div>\n\n\n\n<p><\/p>\n\n\n\n<h2 class=\"wp-block-heading\">Program<\/h2>\n\n\n\n<p><\/p>\n\n\n\n<h3 class=\"wp-block-heading\"><strong>12.00 Opening words<\/strong><\/h3>\n\n\n\n<p>Please Regulate Us \u2013 Senior Research Fellow&nbsp;<strong>Sanna Ahvenharju<\/strong><\/p>\n\n\n\n<p>Biodiversity measurements in support of biodiversity-respectful leadership \u2013 Associate Professor&nbsp;<strong>Ville Uusitalo <\/strong>and Postdoctoral Researcher <strong>Natasha J\u00e4rvi\u00f6<\/strong><\/p>\n\n\n\n<p>What\u2019s going on in global biodiversity front? \u2013 Professor&nbsp;<strong>Ilari S\u00e4\u00e4ksj\u00e4rvi<\/strong><\/p>\n\n\n\n<p>Interview: What is the Nature Time Machine? \u2013 Senior Researcher&nbsp;<strong>Matti Salo<\/strong><\/p>\n\n\n\n<h3 class=\"wp-block-heading\"><strong>13.00&nbsp; Coffee \/\/ Break<\/strong><\/h3>\n\n\n\n<p><strong>Nature Time Machine 5D<\/strong>: Step into the 5D Nature Time Machine and immerse yourself in the enchanting forests of Finland. This 360\u00b0 video and sound experience shows different future variations, where biodiversity is either being degraded or protected. Witness the beauty and fragility of Finnish nature like never before.<\/p>\n\n\n\n<h3 class=\"wp-block-heading\"><strong>14.00 Program continues<\/strong><\/h3>\n\n\n\n<p><strong>KEYNOTE: <\/strong>Responsible, sustainable or regenerative strategies? \u2013 Professor <strong>Oana Branzei<\/strong><\/p>\n\n\n\n<p>Urgent Business Acts for Biodiversity \u2013 Associate Professor&nbsp;<strong>Tiina Onkila <\/strong>and Assistant Professor <strong>Anne Quarshie<\/strong><\/p>\n\n\n\n<p>Food System of the Future \u2013 Senior Researcher <strong>Saska Tuomasjukka<\/strong> and Doctoral Researcher\u00a0<strong>Tanja Niemi<\/strong><\/p>\n\n\n\n<p>Collaborative Round Table with audience \u2013 Senior Researcher <strong>Milla Unkila<\/strong><\/p>\n\n\n\n<p>Closing Remarks \u2013 Professor&nbsp;<strong>Ilari S\u00e4\u00e4ksj\u00e4rvi <\/strong>and Professor<strong> Satu Teerikangas<\/strong><\/p>\n\n\n\n<p><\/p>\n\n\n\n<h2 class=\"wp-block-heading\">Venue<\/h2>\n\n\n\n<p>The event will take place at Logomo, LOGI hall. Follow the signage from the train station or parking lot when you arrive.<\/p>\n\n\n\n<div class=\"wp-block-buttons is-layout-flex wp-block-buttons-is-layout-flex\">\n<div class=\"wp-block-button\"><a class=\"wp-block-button__link wp-element-button\" href=\"https:\/\/logomo.fi\/en\/information\/arrival\">Arrival &#8211; Logomo<\/a><\/div>\n<\/div>\n\n\n\n<p><\/p>\n\n\n\n<div class=\"wp-block-buttons is-layout-flex wp-block-buttons-is-layout-flex\">\n<div class=\"wp-block-button\"><a class=\"wp-block-button__link wp-element-button\" href=\"https:\/\/www.google.com\/maps\/place\/Logomo+LOGI+1-2\/@60.4568,22.2566641,16z\/data=!4m6!3m5!1s0x468c77eff9ad81e1:0xa2d35214910f2398!8m2!3d60.4569112!4d22.2564792!16s%2Fg%2F11h_4s6cl4?entry=ttu&amp;g_ep=EgoyMDI1MDMyNS4xIKXMDSoASAFQAw%3D%3D\">Logomo LOGI 1-2 &#8211; Google Maps<\/a><\/div>\n<\/div>\n\n\n\n<p><\/p>\n\n\n\n<h2 class=\"wp-block-heading\">Event photography and recording<\/h2>\n\n\n\n<p>The event will be photographed and the presentations will be streamed and recorded. By attending the event, you give permission for the images to be used in event news and BIODIFUL&#8217;s event marketing. Please inform the photographer if you do not wish to be featured in the images.<\/p>\n\n\n\n<h2 class=\"wp-block-heading\">Event live-stream<\/h2>\n\n\n\n<p>You can also stream the presentations online. However, we recommend that you come to the venue to discuss, meet our researchers and network. You will also have the possibility to see the BIODIFUL Nature Time Machine, as it is displayed to the visitors in the new 5D hall of the Logomo.<\/p>\n\n\n\n<p>You will receive a link to the live-stream via email before the event. Please note that this is not a hybrid event, meaning remote participants will not be able to join the discussions.<\/p>\n\n\n\n<p><a href=\"https:\/\/konsta.utu.fi\/Default.aspx?tabid=88&amp;tap=21469\"><strong>Sign up to watch the stream. <\/strong><\/a><\/p>\n\n\n\n<p><\/p>\n\n\n\n<figure class=\"wp-block-image size-large\"><img decoding=\"async\" width=\"1024\" height=\"576\" src=\"https:\/\/biodiful.fi\/wp-content\/uploads\/2024\/06\/BIODIFUL-leadership-forum-2024-701-1024x576.jpg\" alt=\"\" class=\"wp-image-6923\" srcset=\"https:\/\/biodiful.fi\/wp-content\/uploads\/2024\/06\/BIODIFUL-leadership-forum-2024-701-1024x576.jpg 1024w, https:\/\/biodiful.fi\/wp-content\/uploads\/2024\/06\/BIODIFUL-leadership-forum-2024-701-300x169.jpg 300w, https:\/\/biodiful.fi\/wp-content\/uploads\/2024\/06\/BIODIFUL-leadership-forum-2024-701-768x432.jpg 768w, https:\/\/biodiful.fi\/wp-content\/uploads\/2024\/06\/BIODIFUL-leadership-forum-2024-701-1536x864.jpg 1536w, https:\/\/biodiful.fi\/wp-content\/uploads\/2024\/06\/BIODIFUL-leadership-forum-2024-701-800x450.jpg 800w, https:\/\/biodiful.fi\/wp-content\/uploads\/2024\/06\/BIODIFUL-leadership-forum-2024-701.jpg 2000w\" sizes=\"(max-width: 1024px) 100vw, 1024px\" \/><figcaption class=\"wp-element-caption\">BIODIFUL Leadership Forum in Helsinki at the Kulttuurikasarmi spring 2024.<\/figcaption><\/figure>\n\n\n\n<h2 class=\"wp-block-heading\"><\/h2>\n\n\n\n<h2 class=\"wp-block-heading\">Speakers<\/h2>\n\n\n\n<div class=\"wp-block-group\"><div class=\"wp-block-group__inner-container is-layout-constrained wp-block-group-is-layout-constrained\">\n<div class=\"wp-block-media-text is-stacked-on-mobile is-image-fill-element\" style=\"grid-template-columns:35% auto\"><figure class=\"wp-block-media-text__media\"><img decoding=\"async\" width=\"500\" height=\"680\" src=\"https:\/\/biodiful.fi\/wp-content\/uploads\/2025\/05\/oana-branzei.jpg\" alt=\"\" class=\"wp-image-7633 size-large\" style=\"object-position:50% 24%\" srcset=\"https:\/\/biodiful.fi\/wp-content\/uploads\/2025\/05\/oana-branzei.jpg 500w, https:\/\/biodiful.fi\/wp-content\/uploads\/2025\/05\/oana-branzei-221x300.jpg 221w\" sizes=\"(max-width: 500px) 100vw, 500px\" \/><\/figure><div class=\"wp-block-media-text__content\">\n<h3 class=\"wp-block-heading\">Professor Oana Branzei&nbsp;<\/h3>\n\n\n\n<p>Oana Branzei is a professor at Ivey Business School, Western University, specializing in strategy and sustainability. She has founded programs like the HBA Sustainability Certificate and PhD Sustainability Academy. Her research interests include regenerative economies, grand challenge innovation, and inclusive organizing. Branzei has published extensively in leading journals and serves as a field editor for several academic publications.&nbsp;<\/p>\n<\/div><\/div>\n\n\n\n<div style=\"height:20px\" aria-hidden=\"true\" class=\"wp-block-spacer\"><\/div>\n\n\n\n<div class=\"wp-block-media-text is-stacked-on-mobile is-image-fill-element\" style=\"grid-template-columns:35% auto\"><figure class=\"wp-block-media-text__media\"><img loading=\"lazy\" decoding=\"async\" width=\"768\" height=\"1024\" src=\"https:\/\/biodiful.fi\/wp-content\/uploads\/2022\/03\/Milla-Unkila-13-768x1024.jpg\" alt=\"Milla Unkila, utu\" class=\"wp-image-2409 size-large\" style=\"object-position:45% 28%\" srcset=\"https:\/\/biodiful.fi\/wp-content\/uploads\/2022\/03\/Milla-Unkila-13-768x1024.jpg 768w, https:\/\/biodiful.fi\/wp-content\/uploads\/2022\/03\/Milla-Unkila-13-225x300.jpg 225w, https:\/\/biodiful.fi\/wp-content\/uploads\/2022\/03\/Milla-Unkila-13.jpg 1080w\" sizes=\"(max-width: 768px) 100vw, 768px\" \/><\/figure><div class=\"wp-block-media-text__content\">\n<h3 class=\"wp-block-heading\">Senior Researcher Milla Unkila&nbsp;<\/h3>\n\n\n\n<p>Milla Unkila (D.Sc.) explores the relationship between business and nature. In her role as a senior researcher in the Turku School of Economics, she enjoys shaping a new and ethically more sensible generation of future business leaders. As the head of communications of multidisciplinary research project BIODIFUL she attempts to inspire the current leaders to take such actions now that would ensure a future for the future generations to flourish in.&nbsp;<\/p>\n<\/div><\/div>\n\n\n\n<div style=\"height:20px\" aria-hidden=\"true\" class=\"wp-block-spacer\"><\/div>\n\n\n\n<div class=\"wp-block-media-text is-stacked-on-mobile is-image-fill-element\" style=\"grid-template-columns:35% auto\"><figure class=\"wp-block-media-text__media\"><img loading=\"lazy\" decoding=\"async\" width=\"768\" height=\"1024\" src=\"https:\/\/biodiful.fi\/wp-content\/uploads\/2022\/05\/Sanna-Ahvenharju-27-768x1024.jpg\" alt=\"Sanna Ahvenharju\" class=\"wp-image-3372 size-large\" style=\"object-position:53% 35%\" srcset=\"https:\/\/biodiful.fi\/wp-content\/uploads\/2022\/05\/Sanna-Ahvenharju-27-768x1024.jpg 768w, https:\/\/biodiful.fi\/wp-content\/uploads\/2022\/05\/Sanna-Ahvenharju-27-225x300.jpg 225w, https:\/\/biodiful.fi\/wp-content\/uploads\/2022\/05\/Sanna-Ahvenharju-27-1152x1536.jpg 1152w, https:\/\/biodiful.fi\/wp-content\/uploads\/2022\/05\/Sanna-Ahvenharju-27-1536x2048.jpg 1536w, https:\/\/biodiful.fi\/wp-content\/uploads\/2022\/05\/Sanna-Ahvenharju-27-scaled.jpg 1920w\" sizes=\"(max-width: 768px) 100vw, 768px\" \/><\/figure><div class=\"wp-block-media-text__content\">\n<h3 class=\"wp-block-heading\">Senior Research Fellow Sanna Ahvenharju<\/h3>\n\n\n\n<p>Sanna Ahvenharju, PhD, is a futures researcher specializing in the psychology of futures thinking and future images related to over-consumption, biodiversity and sustainability. Sanna enjoys looking for thought-provoking alternatives that could help us push for radical disruption towards better futures.&nbsp;&nbsp;&nbsp;<\/p>\n<\/div><\/div>\n\n\n\n<div style=\"height:20px\" aria-hidden=\"true\" class=\"wp-block-spacer\"><\/div>\n\n\n\n<div class=\"wp-block-media-text is-stacked-on-mobile is-image-fill-element\" style=\"grid-template-columns:35% auto\"><figure class=\"wp-block-media-text__media\"><img loading=\"lazy\" decoding=\"async\" width=\"768\" height=\"1024\" src=\"https:\/\/biodiful.fi\/wp-content\/uploads\/2022\/02\/Ville-Uusitalo-15-768x1024.jpg\" alt=\"Ville Uusitalo, apulaisprofessori, lut\" class=\"wp-image-2169 size-large\" style=\"object-position:48% 21%\" srcset=\"https:\/\/biodiful.fi\/wp-content\/uploads\/2022\/02\/Ville-Uusitalo-15-768x1024.jpg 768w, https:\/\/biodiful.fi\/wp-content\/uploads\/2022\/02\/Ville-Uusitalo-15-225x300.jpg 225w, https:\/\/biodiful.fi\/wp-content\/uploads\/2022\/02\/Ville-Uusitalo-15.jpg 1080w\" sizes=\"(max-width: 768px) 100vw, 768px\" \/><\/figure><div class=\"wp-block-media-text__content\">\n<h3 class=\"wp-block-heading\">Professor Ville Uusitalo<\/h3>\n\n\n\n<p>Ville Uusitalo is a professor in the Sustainability Science unit of the LUT university. His work focuses on quantifying environmental impacts from life cycle perspective. His team is currently working on quantifying impacts on biodiversity using life cycle assessment (LCA) methodologies.&nbsp;<\/p>\n<\/div><\/div>\n\n\n\n<div style=\"height:20px\" aria-hidden=\"true\" class=\"wp-block-spacer\"><\/div>\n\n\n\n<div class=\"wp-block-media-text is-stacked-on-mobile is-image-fill-element\" style=\"grid-template-columns:35% auto\"><figure class=\"wp-block-media-text__media\"><img loading=\"lazy\" decoding=\"async\" width=\"771\" height=\"1024\" src=\"https:\/\/biodiful.fi\/wp-content\/uploads\/2022\/03\/Natasha-Jarvio-771x1024.jpg\" alt=\"Natasha-Jarvio\" class=\"wp-image-2435 size-large\" style=\"object-position:47% 14%\" srcset=\"https:\/\/biodiful.fi\/wp-content\/uploads\/2022\/03\/Natasha-Jarvio-771x1024.jpg 771w, https:\/\/biodiful.fi\/wp-content\/uploads\/2022\/03\/Natasha-Jarvio-226x300.jpg 226w, https:\/\/biodiful.fi\/wp-content\/uploads\/2022\/03\/Natasha-Jarvio-768x1020.jpg 768w, https:\/\/biodiful.fi\/wp-content\/uploads\/2022\/03\/Natasha-Jarvio.jpg 1080w\" sizes=\"(max-width: 771px) 100vw, 771px\" \/><\/figure><div class=\"wp-block-media-text__content\">\n<h3 class=\"wp-block-heading\">Postdoctoral Researcher Natasha J\u00e4rvi\u00f6&nbsp;<\/h3>\n\n\n\n<p>Natasha J\u00e4rvi\u00f6 is a postdoctoral researcher at LUT university, specialized in the biodiversity impact assessment of food products using life cycle assessment and environmentally extended input output assessment. She has a special interest in regenerative farming and aims to improve biodiversity assessments of regenerative and other agroecological management practices through impact method development.&nbsp;<\/p>\n<\/div><\/div>\n\n\n\n<div style=\"height:20px\" aria-hidden=\"true\" class=\"wp-block-spacer\"><\/div>\n\n\n\n<div class=\"wp-block-media-text is-stacked-on-mobile is-image-fill-element\" style=\"grid-template-columns:35% auto\"><figure class=\"wp-block-media-text__media\"><img loading=\"lazy\" decoding=\"async\" width=\"768\" height=\"1024\" src=\"https:\/\/biodiful.fi\/wp-content\/uploads\/2023\/01\/Ilari-Saaksjarvi-27-768x1024.jpg\" alt=\"\" class=\"wp-image-4263 size-large\" style=\"object-position:51% 25%\" srcset=\"https:\/\/biodiful.fi\/wp-content\/uploads\/2023\/01\/Ilari-Saaksjarvi-27-768x1024.jpg 768w, https:\/\/biodiful.fi\/wp-content\/uploads\/2023\/01\/Ilari-Saaksjarvi-27-225x300.jpg 225w, https:\/\/biodiful.fi\/wp-content\/uploads\/2023\/01\/Ilari-Saaksjarvi-27-1152x1536.jpg 1152w, https:\/\/biodiful.fi\/wp-content\/uploads\/2023\/01\/Ilari-Saaksjarvi-27-1536x2048.jpg 1536w, https:\/\/biodiful.fi\/wp-content\/uploads\/2023\/01\/Ilari-Saaksjarvi-27-scaled.jpg 1920w\" sizes=\"(max-width: 768px) 100vw, 768px\" \/><\/figure><div class=\"wp-block-media-text__content\">\n<h3 class=\"wp-block-heading\">Professor Ilari E. S\u00e4\u00e4ksj\u00e4rvi<\/h3>\n\n\n\n<p>Ilari E. S\u00e4\u00e4ksj\u00e4rvi, PhD, is Director of the Biodiversity Unit and the BIODIFUL project at the University of Turku. He has conducted research on biodiversity, particularly in the Amazon, and has developed interdisciplinary biodiversity research. Ilari&#8217;s passion is science communication. Every year he visits kindergartens, schools and high schools to talk about nature, in the hope of creating hope for a good future.&nbsp;&nbsp;&nbsp;<\/p>\n<\/div><\/div>\n\n\n\n<div style=\"height:20px\" aria-hidden=\"true\" class=\"wp-block-spacer\"><\/div>\n\n\n\n<div class=\"wp-block-media-text is-stacked-on-mobile is-image-fill-element\" style=\"grid-template-columns:35% auto\"><figure class=\"wp-block-media-text__media\"><img loading=\"lazy\" decoding=\"async\" width=\"768\" height=\"1024\" src=\"https:\/\/biodiful.fi\/wp-content\/uploads\/2022\/02\/Matti-Salo-4-768x1024.jpg\" alt=\"Matti Salo, erikoistutkija, luke\" class=\"wp-image-2145 size-large\" style=\"object-position:50% 50%\" srcset=\"https:\/\/biodiful.fi\/wp-content\/uploads\/2022\/02\/Matti-Salo-4-768x1024.jpg 768w, https:\/\/biodiful.fi\/wp-content\/uploads\/2022\/02\/Matti-Salo-4-225x300.jpg 225w, https:\/\/biodiful.fi\/wp-content\/uploads\/2022\/02\/Matti-Salo-4-1152x1536.jpg 1152w, https:\/\/biodiful.fi\/wp-content\/uploads\/2022\/02\/Matti-Salo-4-1536x2048.jpg 1536w\" sizes=\"(max-width: 768px) 100vw, 768px\" \/><\/figure><div class=\"wp-block-media-text__content\">\n<h3 class=\"wp-block-heading\">Senior Scientist Matti Salo<\/h3>\n\n\n\n<p>Matti Salo, PhD, is a Senior Scientist at the Natural Resources Institute Finland (Luke), and a docent in biodiversity and natural resources governance.&nbsp;His research explores the complex intersections of biodiversity, land use, and natural resource governance, with a focus on conflicts, trade-offs, and collaborative planning. His research journey began in the Amazon, where he has worked and traveled across four decades. Deeply fascinated by life in all its forms on land, in the sea, and in the air, Matti is committed to fostering dialogue and cooperation to build sustainable futures for both people and nature.<\/p>\n<\/div><\/div>\n\n\n\n<div style=\"height:20px\" aria-hidden=\"true\" class=\"wp-block-spacer\"><\/div>\n\n\n\n<div class=\"wp-block-media-text is-stacked-on-mobile is-image-fill-element\" style=\"grid-template-columns:35% auto\"><figure class=\"wp-block-media-text__media\"><img loading=\"lazy\" decoding=\"async\" width=\"1024\" height=\"683\" src=\"https:\/\/biodiful.fi\/wp-content\/uploads\/2025\/05\/Tiina-Onkila-74-1024x683.jpg\" alt=\"\" class=\"wp-image-7629 size-large\" style=\"object-position:41% 28%\" srcset=\"https:\/\/biodiful.fi\/wp-content\/uploads\/2025\/05\/Tiina-Onkila-74-1024x683.jpg 1024w, https:\/\/biodiful.fi\/wp-content\/uploads\/2025\/05\/Tiina-Onkila-74-300x200.jpg 300w, https:\/\/biodiful.fi\/wp-content\/uploads\/2025\/05\/Tiina-Onkila-74-768x512.jpg 768w, https:\/\/biodiful.fi\/wp-content\/uploads\/2025\/05\/Tiina-Onkila-74-1536x1024.jpg 1536w, https:\/\/biodiful.fi\/wp-content\/uploads\/2025\/05\/Tiina-Onkila-74-2048x1365.jpg 2048w\" sizes=\"(max-width: 1024px) 100vw, 1024px\" \/><\/figure><div class=\"wp-block-media-text__content\">\n<h3 class=\"wp-block-heading\">Associate Professor Tiina Onkila&nbsp;<\/h3>\n\n\n\n<p>Tiina Onkila works as an associate professor of Corporate Environmental management in Jyv\u00e4skyl\u00e4 University School of Business and Economics. Her research interests include sustainable business, circular economy, microlevel CSR, stakeholder approaches and sustainability reporting. She leads a workpackage on biodiversity respectful business in the BIODIDUL-project and is a member of Nature Panel Finland.<\/p>\n<\/div><\/div>\n\n\n\n<div style=\"height:20px\" aria-hidden=\"true\" class=\"wp-block-spacer\"><\/div>\n\n\n\n<div class=\"wp-block-media-text is-stacked-on-mobile is-image-fill-element\" style=\"grid-template-columns:35% auto\"><figure class=\"wp-block-media-text__media\"><img loading=\"lazy\" decoding=\"async\" width=\"800\" height=\"1000\" src=\"https:\/\/biodiful.fi\/wp-content\/uploads\/2025\/01\/Anne-Quarshie_pieni-resoluutio.jpg\" alt=\"\" class=\"wp-image-7408 size-large\" style=\"object-position:46% 24%\" srcset=\"https:\/\/biodiful.fi\/wp-content\/uploads\/2025\/01\/Anne-Quarshie_pieni-resoluutio.jpg 800w, https:\/\/biodiful.fi\/wp-content\/uploads\/2025\/01\/Anne-Quarshie_pieni-resoluutio-240x300.jpg 240w, https:\/\/biodiful.fi\/wp-content\/uploads\/2025\/01\/Anne-Quarshie_pieni-resoluutio-768x960.jpg 768w\" sizes=\"(max-width: 800px) 100vw, 800px\" \/><\/figure><div class=\"wp-block-media-text__content\">\n<h3 class=\"wp-block-heading\">Assistant Professor Anne Quarshie&nbsp;<\/h3>\n\n\n\n<p>Anne Quarshie is an Assistant Professor of Biodiversity and Business at Turku School of Economics. Her main expertise areas include biodiversity-respectful and regenerative business and supply chain management, as well as humanitarian disaster response. Her research has earned awards like the IPSERA Best Doctoral Dissertation in Purchasing Award (2017) and has been published in leading journals.<\/p>\n<\/div><\/div>\n\n\n\n<div style=\"height:20px\" aria-hidden=\"true\" class=\"wp-block-spacer\"><\/div>\n\n\n\n<div class=\"wp-block-media-text is-stacked-on-mobile is-image-fill-element\" style=\"grid-template-columns:35% auto\"><figure class=\"wp-block-media-text__media\"><img loading=\"lazy\" decoding=\"async\" width=\"768\" height=\"1024\" src=\"https:\/\/biodiful.fi\/wp-content\/uploads\/2022\/10\/Saska-Tuomasjukka-25-768x1024.jpg\" alt=\"henkil\u00f6 katsoo kameraan vihre\u00e4ss\u00e4 maisemassa.\" class=\"wp-image-3940 size-large\" style=\"object-position:48% 32%\" srcset=\"https:\/\/biodiful.fi\/wp-content\/uploads\/2022\/10\/Saska-Tuomasjukka-25-768x1024.jpg 768w, https:\/\/biodiful.fi\/wp-content\/uploads\/2022\/10\/Saska-Tuomasjukka-25-225x300.jpg 225w, https:\/\/biodiful.fi\/wp-content\/uploads\/2022\/10\/Saska-Tuomasjukka-25-1152x1536.jpg 1152w, https:\/\/biodiful.fi\/wp-content\/uploads\/2022\/10\/Saska-Tuomasjukka-25-1536x2048.jpg 1536w, https:\/\/biodiful.fi\/wp-content\/uploads\/2022\/10\/Saska-Tuomasjukka-25-scaled.jpg 1920w\" sizes=\"(max-width: 768px) 100vw, 768px\" \/><\/figure><div class=\"wp-block-media-text__content\">\n<h3 class=\"wp-block-heading\">Senior Researcher Saska Tuomasjukka&nbsp;<\/h3>\n\n\n\n<p>Saska Tuomasjukka is a food entrepreneur and a Senior researcher at the Nutrition and Food Research Center of the University of Turku. He originally fell in love with the chemistry of food and the beauty of aroma molecules but later found himself studying nutrition and sustainability. His research focuses on systemic and individual enablers of value-neutral dietary changes between foods with same hedonistic appeal but differing ecological footprints.&nbsp;<\/p>\n<\/div><\/div>\n\n\n\n<div style=\"height:20px\" aria-hidden=\"true\" class=\"wp-block-spacer\"><\/div>\n\n\n\n<div class=\"wp-block-media-text is-stacked-on-mobile is-image-fill-element\" style=\"grid-template-columns:35% auto\"><figure class=\"wp-block-media-text__media\"><img loading=\"lazy\" decoding=\"async\" width=\"734\" height=\"1024\" src=\"https:\/\/biodiful.fi\/wp-content\/uploads\/2025\/05\/NiemiTanja_1-734x1024.jpg\" alt=\"\" class=\"wp-image-7810 size-large\" style=\"object-position:50% 50%\" srcset=\"https:\/\/biodiful.fi\/wp-content\/uploads\/2025\/05\/NiemiTanja_1-734x1024.jpg 734w, https:\/\/biodiful.fi\/wp-content\/uploads\/2025\/05\/NiemiTanja_1-215x300.jpg 215w, https:\/\/biodiful.fi\/wp-content\/uploads\/2025\/05\/NiemiTanja_1-768x1072.jpg 768w, https:\/\/biodiful.fi\/wp-content\/uploads\/2025\/05\/NiemiTanja_1-1100x1536.jpg 1100w, https:\/\/biodiful.fi\/wp-content\/uploads\/2025\/05\/NiemiTanja_1-1467x2048.jpg 1467w, https:\/\/biodiful.fi\/wp-content\/uploads\/2025\/05\/NiemiTanja_1-scaled.jpg 1834w\" sizes=\"(max-width: 734px) 100vw, 734px\" \/><\/figure><div class=\"wp-block-media-text__content\">\n<h3 class=\"wp-block-heading\">Doctoral Researcher\u00a0<strong>Tanja Niemi<\/strong><\/h3>\n\n\n\n<p>Tanja Niemi is a Doctoral Researcher in the Sustainability Transformations Doctoral Education Pilot at the University of Jyv\u00e4skyl\u00e4. Her research focuses on enabling a just and culturally accepted dietary transition in the Nordics, with particular attention to the socio-cultural, political, and discursive dimensions of food system change. Currently, she is especially interested in how people perceive diets and food, and how these perceptions influence pathways toward more sustainable futures.<\/p>\n<\/div><\/div>\n\n\n\n<div style=\"height:20px\" aria-hidden=\"true\" class=\"wp-block-spacer\"><\/div>\n\n\n\n<div class=\"wp-block-media-text is-stacked-on-mobile is-image-fill-element\" style=\"grid-template-columns:35% auto\"><figure class=\"wp-block-media-text__media\"><img loading=\"lazy\" decoding=\"async\" width=\"768\" height=\"1024\" src=\"https:\/\/biodiful.fi\/wp-content\/uploads\/2023\/04\/Satu-Teerikangas-17-768x1024.jpg\" alt=\"Satu Teerikangas vihre\u00e4ss\u00e4 ymp\u00e4rist\u00f6ss\u00e4\" class=\"wp-image-4456 size-large\" style=\"object-position:52% 25%\" srcset=\"https:\/\/biodiful.fi\/wp-content\/uploads\/2023\/04\/Satu-Teerikangas-17-768x1024.jpg 768w, https:\/\/biodiful.fi\/wp-content\/uploads\/2023\/04\/Satu-Teerikangas-17-225x300.jpg 225w, https:\/\/biodiful.fi\/wp-content\/uploads\/2023\/04\/Satu-Teerikangas-17-1152x1536.jpg 1152w, https:\/\/biodiful.fi\/wp-content\/uploads\/2023\/04\/Satu-Teerikangas-17-1536x2048.jpg 1536w, https:\/\/biodiful.fi\/wp-content\/uploads\/2023\/04\/Satu-Teerikangas-17-scaled.jpg 1920w\" sizes=\"(max-width: 768px) 100vw, 768px\" \/><\/figure><div class=\"wp-block-media-text__content\">\n<h3 class=\"wp-block-heading\">Professor Satu Teerikangas&nbsp;<\/h3>\n\n\n\n<p>Satu Teerikangas, PhD, is Professor in Management at the Turku School of Economics. As the deputy director of the BIODIFUL project, she seeks an interdisciplinary understanding of leadership that respects biodiversity, with a particular focus on business. Her passion is inspiring everyone to be a change agent for a sustainable tomorrow.&nbsp;<\/p>\n<\/div><\/div>\n<\/div><\/div>\n\n\n\n<div class=\"wp-block-group\"><div class=\"wp-block-group__inner-container is-layout-constrained wp-block-group-is-layout-constrained\"><\/div><\/div>\n\n\n\n<p><\/p>\n\n\n\n<h2 class=\"wp-block-heading\">Register for the BIODIFUL Leadership Forum<\/h2>\n\n\n\n<p>Registration is open until 12 May. If you can&#8217;t make it, please cancel your attendance so we can avoid food waste.<\/p>\n\n\n\n<div class=\"wp-block-buttons is-layout-flex wp-block-buttons-is-layout-flex\">\n<div class=\"wp-block-button\"><a class=\"wp-block-button__link wp-element-button\" href=\"https:\/\/konsta.utu.fi\/Default.aspx?tabid=88&amp;tap=20989\"><strong>REGISTER<\/strong><\/a><\/div>\n<\/div>\n\n\n\n<p><\/p>\n\n\n\n<p>You can also stream the presentations online. You will receive a link to the live-stream via email before the event. <\/p>\n\n\n\n<div class=\"wp-block-buttons is-layout-flex wp-block-buttons-is-layout-flex\">\n<div class=\"wp-block-button\"><a class=\"wp-block-button__link wp-element-button\" href=\"https:\/\/konsta.utu.fi\/Default.aspx?tabid=88&amp;tap=21469\">Sign up to watch the stream<\/a><\/div>\n<\/div>\n","protected":false},"excerpt":{"rendered":"<p>Join us for the annual BIODIFUL Leadership Forum at Logomo in Turku on May 22, 2025, from 12:00 to 16:00. This year&#8217;s forum will explore the connection between leadership and biodiversity, providing opportunities to network and reflect on our collective impact. Registration is open until 12 May. Coffee will be served at the event. The [&hellip;]<\/p>\n","protected":false},"author":3,"featured_media":7417,"comment_status":"closed","ping_status":"closed","sticky":false,"template":"","format":"standard","meta":{"_acf_changed":false,"ocean_post_layout":"","ocean_both_sidebars_style":"","ocean_both_sidebars_content_width":0,"ocean_both_sidebars_sidebars_width":0,"ocean_sidebar":"","ocean_second_sidebar":"","ocean_disable_margins":"enable","ocean_add_body_class":"","ocean_shortcode_before_top_bar":"","ocean_shortcode_after_top_bar":"","ocean_shortcode_before_header":"","ocean_shortcode_after_header":"","ocean_has_shortcode":"","ocean_shortcode_after_title":"","ocean_shortcode_before_footer_widgets":"","ocean_shortcode_after_footer_widgets":"","ocean_shortcode_before_footer_bottom":"","ocean_shortcode_after_footer_bottom":"","ocean_display_top_bar":"default","ocean_display_header":"default","ocean_header_style":"","ocean_center_header_left_menu":"","ocean_custom_header_template":"","ocean_custom_logo":0,"ocean_custom_retina_logo":0,"ocean_custom_logo_max_width":0,"ocean_custom_logo_tablet_max_width":0,"ocean_custom_logo_mobile_max_width":0,"ocean_custom_logo_max_height":0,"ocean_custom_logo_tablet_max_height":0,"ocean_custom_logo_mobile_max_height":0,"ocean_header_custom_menu":"","ocean_menu_typo_font_family":"","ocean_menu_typo_font_subset":"","ocean_menu_typo_font_size":0,"ocean_menu_typo_font_size_tablet":0,"ocean_menu_typo_font_size_mobile":0,"ocean_menu_typo_font_size_unit":"px","ocean_menu_typo_font_weight":"","ocean_menu_typo_font_weight_tablet":"","ocean_menu_typo_font_weight_mobile":"","ocean_menu_typo_transform":"","ocean_menu_typo_transform_tablet":"","ocean_menu_typo_transform_mobile":"","ocean_menu_typo_line_height":0,"ocean_menu_typo_line_height_tablet":0,"ocean_menu_typo_line_height_mobile":0,"ocean_menu_typo_line_height_unit":"","ocean_menu_typo_spacing":0,"ocean_menu_typo_spacing_tablet":0,"ocean_menu_typo_spacing_mobile":0,"ocean_menu_typo_spacing_unit":"","ocean_menu_link_color":"","ocean_menu_link_color_hover":"","ocean_menu_link_color_active":"","ocean_menu_link_background":"","ocean_menu_link_hover_background":"","ocean_menu_link_active_background":"","ocean_menu_social_links_bg":"","ocean_menu_social_hover_links_bg":"","ocean_menu_social_links_color":"","ocean_menu_social_hover_links_color":"","ocean_disable_title":"default","ocean_disable_heading":"default","ocean_post_title":"","ocean_post_subheading":"","ocean_post_title_style":"","ocean_post_title_background_color":"","ocean_post_title_background":0,"ocean_post_title_bg_image_position":"","ocean_post_title_bg_image_attachment":"","ocean_post_title_bg_image_repeat":"","ocean_post_title_bg_image_size":"","ocean_post_title_height":0,"ocean_post_title_bg_overlay":0.5,"ocean_post_title_bg_overlay_color":"","ocean_disable_breadcrumbs":"default","ocean_breadcrumbs_color":"","ocean_breadcrumbs_separator_color":"","ocean_breadcrumbs_links_color":"","ocean_breadcrumbs_links_hover_color":"","ocean_display_footer_widgets":"default","ocean_display_footer_bottom":"default","ocean_custom_footer_template":"","ocean_post_oembed":"","ocean_post_self_hosted_media":"","ocean_post_video_embed":"","ocean_link_format":"","ocean_link_format_target":"self","ocean_quote_format":"","ocean_quote_format_link":"post","ocean_gallery_link_images":"on","ocean_gallery_id":[],"footnotes":""},"categories":[22,186],"tags":[229,230,206],"class_list":["post-7638","post","type-post","status-publish","format-standard","has-post-thumbnail","hentry","category-events","category-past_events","tag-biodiful-leadership-forum-en","tag-events","tag-tapahtumat-en","entry","has-media"],"acf":[],"yoast_head":"<!-- This site is optimized with the Yoast SEO plugin v27.4 - https:\/\/yoast.com\/product\/yoast-seo-wordpress\/ -->\n<title>Biodiful Leadership Forum 22.5.2025 \/\/ Biodiversity: Science and Business - Biodiful<\/title>\n<meta name=\"robots\" content=\"index, follow, max-snippet:-1, max-image-preview:large, max-video-preview:-1\" \/>\n<link rel=\"canonical\" href=\"https:\/\/biodiful.fi\/en\/events\/biodiful-leadership-forum-22-5-2025\/\" \/>\n<meta property=\"og:locale\" content=\"en_US\" \/>\n<meta property=\"og:type\" content=\"article\" \/>\n<meta property=\"og:title\" content=\"Biodiful Leadership Forum 22.5.2025 \/\/ Biodiversity: Science and Business - Biodiful\" \/>\n<meta property=\"og:description\" content=\"Join us for the annual BIODIFUL Leadership Forum at Logomo in Turku on May 22, 2025, from 12:00 to 16:00. This year&#8217;s forum will explore the connection between leadership and biodiversity, providing opportunities to network and reflect on our collective impact. Registration is open until 12 May. Coffee will be served at the event. The [&hellip;]\" \/>\n<meta property=\"og:url\" content=\"https:\/\/biodiful.fi\/en\/events\/biodiful-leadership-forum-22-5-2025\/\" \/>\n<meta property=\"og:site_name\" content=\"Biodiful\" \/>\n<meta property=\"article:publisher\" content=\"https:\/\/www.facebook.com\/BiodifulSTN\" \/>\n<meta property=\"article:published_time\" content=\"2025-05-22T09:50:00+00:00\" \/>\n<meta property=\"og:image\" content=\"https:\/\/biodiful.fi\/wp-content\/uploads\/2025\/01\/Leadership-forum-11.png\" \/>\n\t<meta property=\"og:image:width\" content=\"1199\" \/>\n\t<meta property=\"og:image:height\" content=\"628\" \/>\n\t<meta property=\"og:image:type\" content=\"image\/png\" \/>\n<meta name=\"author\" content=\"hannao\" \/>\n<meta name=\"twitter:card\" content=\"summary_large_image\" \/>\n<meta name=\"twitter:creator\" content=\"@biodiful\" \/>\n<meta name=\"twitter:site\" content=\"@biodiful\" \/>\n<meta name=\"twitter:label1\" content=\"Written by\" \/>\n\t<meta name=\"twitter:data1\" content=\"hannao\" \/>\n\t<meta name=\"twitter:label2\" content=\"Est. reading time\" \/>\n\t<meta name=\"twitter:data2\" content=\"11 minutes\" \/>\n<script type=\"application\/ld+json\" class=\"yoast-schema-graph\">{\"@context\":\"https:\\\/\\\/schema.org\",\"@graph\":[{\"@type\":\"Article\",\"@id\":\"https:\\\/\\\/biodiful.fi\\\/en\\\/events\\\/biodiful-leadership-forum-22-5-2025\\\/#article\",\"isPartOf\":{\"@id\":\"https:\\\/\\\/biodiful.fi\\\/en\\\/events\\\/biodiful-leadership-forum-22-5-2025\\\/\"},\"author\":{\"name\":\"hannao\",\"@id\":\"https:\\\/\\\/biodiful.fi\\\/en\\\/#\\\/schema\\\/person\\\/232b2e85e9a57d41ab8b18a8d1552e2f\"},\"headline\":\"Biodiful Leadership Forum 22.5.2025 \\\/\\\/ Biodiversity: Science and Business\",\"datePublished\":\"2025-05-22T09:50:00+00:00\",\"mainEntityOfPage\":{\"@id\":\"https:\\\/\\\/biodiful.fi\\\/en\\\/events\\\/biodiful-leadership-forum-22-5-2025\\\/\"},\"wordCount\":1319,\"publisher\":{\"@id\":\"https:\\\/\\\/biodiful.fi\\\/en\\\/#organization\"},\"image\":{\"@id\":\"https:\\\/\\\/biodiful.fi\\\/en\\\/events\\\/biodiful-leadership-forum-22-5-2025\\\/#primaryimage\"},\"thumbnailUrl\":\"https:\\\/\\\/biodiful.fi\\\/wp-content\\\/uploads\\\/2025\\\/01\\\/Leadership-forum-11.png\",\"keywords\":[\"Biodiful Leadership Forum\",\"events\",\"tapahtumat\"],\"articleSection\":[\"Events\",\"past_events\"],\"inLanguage\":\"en-US\"},{\"@type\":\"WebPage\",\"@id\":\"https:\\\/\\\/biodiful.fi\\\/en\\\/events\\\/biodiful-leadership-forum-22-5-2025\\\/\",\"url\":\"https:\\\/\\\/biodiful.fi\\\/en\\\/events\\\/biodiful-leadership-forum-22-5-2025\\\/\",\"name\":\"Biodiful Leadership Forum 22.5.2025 \\\/\\\/ Biodiversity: Science and Business - Biodiful\",\"isPartOf\":{\"@id\":\"https:\\\/\\\/biodiful.fi\\\/en\\\/#website\"},\"primaryImageOfPage\":{\"@id\":\"https:\\\/\\\/biodiful.fi\\\/en\\\/events\\\/biodiful-leadership-forum-22-5-2025\\\/#primaryimage\"},\"image\":{\"@id\":\"https:\\\/\\\/biodiful.fi\\\/en\\\/events\\\/biodiful-leadership-forum-22-5-2025\\\/#primaryimage\"},\"thumbnailUrl\":\"https:\\\/\\\/biodiful.fi\\\/wp-content\\\/uploads\\\/2025\\\/01\\\/Leadership-forum-11.png\",\"datePublished\":\"2025-05-22T09:50:00+00:00\",\"breadcrumb\":{\"@id\":\"https:\\\/\\\/biodiful.fi\\\/en\\\/events\\\/biodiful-leadership-forum-22-5-2025\\\/#breadcrumb\"},\"inLanguage\":\"en-US\",\"potentialAction\":[{\"@type\":\"ReadAction\",\"target\":[\"https:\\\/\\\/biodiful.fi\\\/en\\\/events\\\/biodiful-leadership-forum-22-5-2025\\\/\"]}]},{\"@type\":\"ImageObject\",\"inLanguage\":\"en-US\",\"@id\":\"https:\\\/\\\/biodiful.fi\\\/en\\\/events\\\/biodiful-leadership-forum-22-5-2025\\\/#primaryimage\",\"url\":\"https:\\\/\\\/biodiful.fi\\\/wp-content\\\/uploads\\\/2025\\\/01\\\/Leadership-forum-11.png\",\"contentUrl\":\"https:\\\/\\\/biodiful.fi\\\/wp-content\\\/uploads\\\/2025\\\/01\\\/Leadership-forum-11.png\",\"width\":1199,\"height\":628},{\"@type\":\"BreadcrumbList\",\"@id\":\"https:\\\/\\\/biodiful.fi\\\/en\\\/events\\\/biodiful-leadership-forum-22-5-2025\\\/#breadcrumb\",\"itemListElement\":[{\"@type\":\"ListItem\",\"position\":1,\"name\":\"Home\",\"item\":\"https:\\\/\\\/biodiful.fi\\\/en\\\/\"},{\"@type\":\"ListItem\",\"position\":2,\"name\":\"Biodiful Leadership Forum 22.5.2025 \\\/\\\/ Biodiversity: Science and Business\"}]},{\"@type\":\"WebSite\",\"@id\":\"https:\\\/\\\/biodiful.fi\\\/en\\\/#website\",\"url\":\"https:\\\/\\\/biodiful.fi\\\/en\\\/\",\"name\":\"Biodiful\",\"description\":\"Biodiversity - Respectful\",\"publisher\":{\"@id\":\"https:\\\/\\\/biodiful.fi\\\/en\\\/#organization\"},\"potentialAction\":[{\"@type\":\"SearchAction\",\"target\":{\"@type\":\"EntryPoint\",\"urlTemplate\":\"https:\\\/\\\/biodiful.fi\\\/en\\\/?s={search_term_string}\"},\"query-input\":{\"@type\":\"PropertyValueSpecification\",\"valueRequired\":true,\"valueName\":\"search_term_string\"}}],\"inLanguage\":\"en-US\"},{\"@type\":\"Organization\",\"@id\":\"https:\\\/\\\/biodiful.fi\\\/en\\\/#organization\",\"name\":\"Biodiful\",\"url\":\"https:\\\/\\\/biodiful.fi\\\/en\\\/\",\"logo\":{\"@type\":\"ImageObject\",\"inLanguage\":\"en-US\",\"@id\":\"https:\\\/\\\/biodiful.fi\\\/en\\\/#\\\/schema\\\/logo\\\/image\\\/\",\"url\":\"https:\\\/\\\/biodiful.fi\\\/wp-content\\\/uploads\\\/2021\\\/12\\\/logo.png\",\"contentUrl\":\"https:\\\/\\\/biodiful.fi\\\/wp-content\\\/uploads\\\/2021\\\/12\\\/logo.png\",\"width\":483,\"height\":290,\"caption\":\"Biodiful\"},\"image\":{\"@id\":\"https:\\\/\\\/biodiful.fi\\\/en\\\/#\\\/schema\\\/logo\\\/image\\\/\"},\"sameAs\":[\"https:\\\/\\\/www.facebook.com\\\/BiodifulSTN\",\"https:\\\/\\\/x.com\\\/biodiful\",\"https:\\\/\\\/www.instagram.com\\\/biodifulstn\\\/\",\"https:\\\/\\\/www.linkedin.com\\\/groups\\\/14045421\\\/\"]},{\"@type\":\"Person\",\"@id\":\"https:\\\/\\\/biodiful.fi\\\/en\\\/#\\\/schema\\\/person\\\/232b2e85e9a57d41ab8b18a8d1552e2f\",\"name\":\"hannao\",\"url\":\"https:\\\/\\\/biodiful.fi\\\/en\\\/author\\\/hannao\\\/\"}]}<\/script>\n<!-- \/ Yoast SEO plugin. -->","yoast_head_json":{"title":"Biodiful Leadership Forum 22.5.2025 \/\/ Biodiversity: Science and Business - Biodiful","robots":{"index":"index","follow":"follow","max-snippet":"max-snippet:-1","max-image-preview":"max-image-preview:large","max-video-preview":"max-video-preview:-1"},"canonical":"https:\/\/biodiful.fi\/en\/events\/biodiful-leadership-forum-22-5-2025\/","og_locale":"en_US","og_type":"article","og_title":"Biodiful Leadership Forum 22.5.2025 \/\/ Biodiversity: Science and Business - Biodiful","og_description":"Join us for the annual BIODIFUL Leadership Forum at Logomo in Turku on May 22, 2025, from 12:00 to 16:00. This year&#8217;s forum will explore the connection between leadership and biodiversity, providing opportunities to network and reflect on our collective impact. Registration is open until 12 May. Coffee will be served at the event. The [&hellip;]","og_url":"https:\/\/biodiful.fi\/en\/events\/biodiful-leadership-forum-22-5-2025\/","og_site_name":"Biodiful","article_publisher":"https:\/\/www.facebook.com\/BiodifulSTN","article_published_time":"2025-05-22T09:50:00+00:00","og_image":[{"width":1199,"height":628,"url":"https:\/\/biodiful.fi\/wp-content\/uploads\/2025\/01\/Leadership-forum-11.png","type":"image\/png"}],"author":"hannao","twitter_card":"summary_large_image","twitter_creator":"@biodiful","twitter_site":"@biodiful","twitter_misc":{"Written by":"hannao","Est. reading time":"11 minutes"},"schema":{"@context":"https:\/\/schema.org","@graph":[{"@type":"Article","@id":"https:\/\/biodiful.fi\/en\/events\/biodiful-leadership-forum-22-5-2025\/#article","isPartOf":{"@id":"https:\/\/biodiful.fi\/en\/events\/biodiful-leadership-forum-22-5-2025\/"},"author":{"name":"hannao","@id":"https:\/\/biodiful.fi\/en\/#\/schema\/person\/232b2e85e9a57d41ab8b18a8d1552e2f"},"headline":"Biodiful Leadership Forum 22.5.2025 \/\/ Biodiversity: Science and Business","datePublished":"2025-05-22T09:50:00+00:00","mainEntityOfPage":{"@id":"https:\/\/biodiful.fi\/en\/events\/biodiful-leadership-forum-22-5-2025\/"},"wordCount":1319,"publisher":{"@id":"https:\/\/biodiful.fi\/en\/#organization"},"image":{"@id":"https:\/\/biodiful.fi\/en\/events\/biodiful-leadership-forum-22-5-2025\/#primaryimage"},"thumbnailUrl":"https:\/\/biodiful.fi\/wp-content\/uploads\/2025\/01\/Leadership-forum-11.png","keywords":["Biodiful Leadership Forum","events","tapahtumat"],"articleSection":["Events","past_events"],"inLanguage":"en-US"},{"@type":"WebPage","@id":"https:\/\/biodiful.fi\/en\/events\/biodiful-leadership-forum-22-5-2025\/","url":"https:\/\/biodiful.fi\/en\/events\/biodiful-leadership-forum-22-5-2025\/","name":"Biodiful Leadership Forum 22.5.2025 \/\/ Biodiversity: Science and Business - Biodiful","isPartOf":{"@id":"https:\/\/biodiful.fi\/en\/#website"},"primaryImageOfPage":{"@id":"https:\/\/biodiful.fi\/en\/events\/biodiful-leadership-forum-22-5-2025\/#primaryimage"},"image":{"@id":"https:\/\/biodiful.fi\/en\/events\/biodiful-leadership-forum-22-5-2025\/#primaryimage"},"thumbnailUrl":"https:\/\/biodiful.fi\/wp-content\/uploads\/2025\/01\/Leadership-forum-11.png","datePublished":"2025-05-22T09:50:00+00:00","breadcrumb":{"@id":"https:\/\/biodiful.fi\/en\/events\/biodiful-leadership-forum-22-5-2025\/#breadcrumb"},"inLanguage":"en-US","potentialAction":[{"@type":"ReadAction","target":["https:\/\/biodiful.fi\/en\/events\/biodiful-leadership-forum-22-5-2025\/"]}]},{"@type":"ImageObject","inLanguage":"en-US","@id":"https:\/\/biodiful.fi\/en\/events\/biodiful-leadership-forum-22-5-2025\/#primaryimage","url":"https:\/\/biodiful.fi\/wp-content\/uploads\/2025\/01\/Leadership-forum-11.png","contentUrl":"https:\/\/biodiful.fi\/wp-content\/uploads\/2025\/01\/Leadership-forum-11.png","width":1199,"height":628},{"@type":"BreadcrumbList","@id":"https:\/\/biodiful.fi\/en\/events\/biodiful-leadership-forum-22-5-2025\/#breadcrumb","itemListElement":[{"@type":"ListItem","position":1,"name":"Home","item":"https:\/\/biodiful.fi\/en\/"},{"@type":"ListItem","position":2,"name":"Biodiful Leadership Forum 22.5.2025 \/\/ Biodiversity: Science and Business"}]},{"@type":"WebSite","@id":"https:\/\/biodiful.fi\/en\/#website","url":"https:\/\/biodiful.fi\/en\/","name":"Biodiful","description":"Biodiversity - Respectful","publisher":{"@id":"https:\/\/biodiful.fi\/en\/#organization"},"potentialAction":[{"@type":"SearchAction","target":{"@type":"EntryPoint","urlTemplate":"https:\/\/biodiful.fi\/en\/?s={search_term_string}"},"query-input":{"@type":"PropertyValueSpecification","valueRequired":true,"valueName":"search_term_string"}}],"inLanguage":"en-US"},{"@type":"Organization","@id":"https:\/\/biodiful.fi\/en\/#organization","name":"Biodiful","url":"https:\/\/biodiful.fi\/en\/","logo":{"@type":"ImageObject","inLanguage":"en-US","@id":"https:\/\/biodiful.fi\/en\/#\/schema\/logo\/image\/","url":"https:\/\/biodiful.fi\/wp-content\/uploads\/2021\/12\/logo.png","contentUrl":"https:\/\/biodiful.fi\/wp-content\/uploads\/2021\/12\/logo.png","width":483,"height":290,"caption":"Biodiful"},"image":{"@id":"https:\/\/biodiful.fi\/en\/#\/schema\/logo\/image\/"},"sameAs":["https:\/\/www.facebook.com\/BiodifulSTN","https:\/\/x.com\/biodiful","https:\/\/www.instagram.com\/biodifulstn\/","https:\/\/www.linkedin.com\/groups\/14045421\/"]},{"@type":"Person","@id":"https:\/\/biodiful.fi\/en\/#\/schema\/person\/232b2e85e9a57d41ab8b18a8d1552e2f","name":"hannao","url":"https:\/\/biodiful.fi\/en\/author\/hannao\/"}]}},"_links":{"self":[{"href":"https:\/\/biodiful.fi\/en\/wp-json\/wp\/v2\/posts\/7638","targetHints":{"allow":["GET"]}}],"collection":[{"href":"https:\/\/biodiful.fi\/en\/wp-json\/wp\/v2\/posts"}],"about":[{"href":"https:\/\/biodiful.fi\/en\/wp-json\/wp\/v2\/types\/post"}],"author":[{"embeddable":true,"href":"https:\/\/biodiful.fi\/en\/wp-json\/wp\/v2\/users\/3"}],"replies":[{"embeddable":true,"href":"https:\/\/biodiful.fi\/en\/wp-json\/wp\/v2\/comments?post=7638"}],"version-history":[{"count":14,"href":"https:\/\/biodiful.fi\/en\/wp-json\/wp\/v2\/posts\/7638\/revisions"}],"predecessor-version":[{"id":7821,"href":"https:\/\/biodiful.fi\/en\/wp-json\/wp\/v2\/posts\/7638\/revisions\/7821"}],"wp:featuredmedia":[{"embeddable":true,"href":"https:\/\/biodiful.fi\/en\/wp-json\/wp\/v2\/media\/7417"}],"wp:attachment":[{"href":"https:\/\/biodiful.fi\/en\/wp-json\/wp\/v2\/media?parent=7638"}],"wp:term":[{"taxonomy":"category","embeddable":true,"href":"https:\/\/biodiful.fi\/en\/wp-json\/wp\/v2\/categories?post=7638"},{"taxonomy":"post_tag","embeddable":true,"href":"https:\/\/biodiful.fi\/en\/wp-json\/wp\/v2\/tags?post=7638"}],"curies":[{"name":"wp","href":"https:\/\/api.w.org\/{rel}","templated":true}]}}